{"id":95,"date":"2021-11-03T20:33:04","date_gmt":"2021-11-03T19:33:04","guid":{"rendered":"https:\/\/ganzohr.hfmt-hamburg.de\/?p=95"},"modified":"2025-04-22T01:00:00","modified_gmt":"2025-04-21T23:00:00","slug":"singen-trau-dich-wieder","status":"publish","type":"post","link":"https:\/\/ganzohr.hfmt-hamburg.de\/index.php\/2021\/11\/singen-trau-dich-wieder\/","title":{"rendered":"Singen: Trau dich wieder!"},"content":{"rendered":"\n<p>Dieser Artikel geh\u00f6rt zu Elterninfo&nbsp;12 MONATE<\/p>\n\n\n\n<p>Als Kind wollte Birgit M\u00fcnchinger immer singen, aber leicht hatte sie es damit nicht: \u201eDu kannst nicht singen\u201c, lautete das allgemeine Urteil, auf weitere stimmliche F\u00f6rderung wurde verzichtet. Erst mit den eigenen Kindern wagte die junge Lehrerin wieder gemeinsam zu singen.<br>Im Gespr\u00e4ch erz\u00e4hlt Birgit M\u00fcnchinger, mittlerweile Gro\u00dfmutter, wie sie trotz der pers\u00f6nlichen R\u00fcckschl\u00e4ge ihr Liedrepertoire bewahrt und ausgebaut hat, und stellt dann klar: Man muss kein Profi sein, um Kindern den Umgang mit der Stimme zu vermitteln.<\/p>\n\n\n\n<p><em><strong>Frau M\u00fcnchinger, fr\u00fcher ist noch viel mehr gesungen worden, als es heute \u00fcblich ist. Haben Sie diese Erfahrung auch gemacht?<\/strong><\/em><br>Das ist f\u00fcr mich ein schwieriges Thema. Ich habe eigentlich erst zusammen mit meiner \u00e4lteren Tochter wieder angefangen zu singen. Ich h\u00f6re zwar unglaublich gern Singstimmen, war aber von Kindheit an verbogen und habe mich nicht zu singen getraut. Aber dann fand ich, dass meine Kinder ein Vorbild brauchen, und habe Kinderliederb\u00fccher gekauft und mit ihnen gesungen. Das verflachte wieder, als sie aus dem Haus waren. Und jetzt, mit meiner Enkelin, singe ich sehr oft und gerne.<\/p>\n\n\n\n<p>Lied &#8222;Ein M\u00e4nnlein steht im Walde&#8220;&nbsp;<a href=\"http:\/\/www.liederprojekt.org\/#3-30308#Ein_M%C3%A4nnlein_steht_im_Walde\" target=\"_blank\" rel=\"noreferrer noopener\">ANH\u00d6REN<\/a><\/p>\n\n\n\n<p><em><strong>Sie hatten als Kind also kein gutes Verh\u00e4ltnis zu Ihrem eigenen Gesang. Gibt es einen Grund daf\u00fcr?<\/strong><\/em><br>Die fr\u00fcheste Erinnerung ist die: Meine Mutter hat mir ein Kinderkirchenlied vorgesungen, und ich war ganz stolz, dass ich das nachsingen konnte. Da muss ich etwa f\u00fcnf Jahre alt gewesen sein. Dieses Lied wollte ich dem Freund meines \u00e4lteren Bruders vorsingen; der war nat\u00fcrlich die v\u00f6llig falsche Adresse! Er meinte denn auch: \u201eDas h\u00f6rt sich ja furchtbar an, das habe ich schon viel besser geh\u00f6rt.\u201c Und das sa\u00df so tief, dass ich mich nicht mehr zu singen traute.<\/p>\n\n\n\n<p>Danach verpasste ich den Anschluss. Dabei gab es in der Grundschule noch einmal eine Gelegenheit zum Singen. Eine Lehrerin war der Meinung, \u201eDas gibt es nicht, Kinder k\u00f6nnen singen\u201c, und nahm mich in den Klassenchor auf. Aber dann sind wir leider weggezogen, und ich hatte einen richtig unmusikalischen Lehrer, mit dem wir \u00fcberhaupt nicht gesungen haben. Und in der weiterf\u00fchrenden Schule mussten wir dann vorsingen. Ich war wirklich scheu, nahm aber allen Mut zusammen und muss ziemlich gepl\u00e4rrt haben. Da sagte die Musiklehrerin zu mir: \u201eWas, du wagst es, den Mund aufzumachen? Setz dich da hinten hin und sei still!\u201c Ich habe dann zuhause alleine trotzdem gesungen. Und dadurch ich habe ich einen ziemlich gro\u00dfen Volks- und Kinderliederschatz.<\/p>\n\n\n\n<p>Lied &#8222;Taler, Taler, du musst wandern&#8220;&nbsp;<a href=\"http:\/\/www.liederprojekt.org\/#0-30243#Taler,%20Taler,%20du%20musst%20wandern\" target=\"_blank\" rel=\"noreferrer noopener\">ANH\u00d6REN<\/a><\/p>\n\n\n\n<p><strong><em>Wurden Sie von Ihrer Familie nicht zum Singen ermuntert?<\/em><\/strong><br>Nicht besonders. Ich spielte zwar Blockfl\u00f6te und hatte sp\u00e4ter auch Klavierunterricht, und meine Mutter spielte Harmonium. Aber gesungen wurde nur an Weihnachten.<\/p>\n\n\n\n<h3 class=\"wp-block-heading\">Freude am Singen \u2013 trotz Kindheitstrauma<\/h3>\n\n\n\n<p><strong><em>Aber Sie selbst hatten trotzdem Spa\u00df am Singen?<\/em><\/strong><br>Ich sang, wenn ich alleine war, etwa im Garten. Oder sp\u00e4ter als Studentin lauthals im Auto. Aber nicht vor anderen Leuten. Und dann musste ich als Lehrerin in der Hauptschule einmal fachfremd Musikunterricht geben, in einer f\u00fcnften Klasse. Da habe ich mich zuhause mit meinem Mann hingesetzt. Er hat versucht, mir jeweils ein Lied beizubringen, damit ich das im Unterricht mit den Sch\u00fclern zusammen singen konnte. Aber irgendwann gab er auf: Mit ihm zusammen konnte ich den Ton halten, aber ohne ihn nicht mehr.<br>Nach der Haupt- habe ich in der Grundschule unterrichtet. Da musste ich alle F\u00e4cher abdecken; und wenn ich einmal eine Vertretung brauchte, habe ich die Kollegen gebeten: \u201eSingt mit meinen Kindern, die kommen zu kurz beim Singen!\u201c<\/p>\n\n\n\n<p><em><strong>Warum war Ihnen das so wichtig?<\/strong><\/em><br>Weil ich selbst als Kind so darunter gelitten habe, nicht gut singen zu k\u00f6nnen. Deshalb dachte ich immer, dass den Kindern etwas fehlt, wenn man nicht mit ihnen singt.<\/p>\n\n\n\n<h3 class=\"wp-block-heading\">Singen vermittelt W\u00e4rme<\/h3>\n\n\n\n<p><strong><em>Als Ihre \u00e4ltere Tochter auf die Welt kam, haben Sie auch mit ihr gesungen. Wann hat das angefangen?<\/em><\/strong><br>Ich fing mit ihr in dem Alter an, in dem man Fingerspiele macht und ganz einfache Lieder wie &#8222;H\u00e4nschen klein&#8220; singt.&nbsp;<a href=\"http:\/\/www.liederprojekt.org\/#3-30300#H%C3%A4nschen_klein_ging_allein\" target=\"_blank\" rel=\"noreferrer noopener\">ANH\u00d6REN<\/a><\/p>\n\n\n\n<p>Und dann kam eine Liederfibel mit Bildchen. Sp\u00e4ter sangen wir Lieder wie die von Christiane und Fredrik, \u201cDer Fuchs sa\u00df in der H\u00f6hle drin\u201c, ein wenig sozialkritisch, aber mit sehr eing\u00e4ngiger Melodie. Da war unsere Tochter so vier, f\u00fcnf Jahre alt. Und sie hat auch Musikgeschichten angeh\u00f6rt, nat\u00fcrlich \u201ePeter und der Wolf\u201c oder auch \u201ePiccolo &amp; Sax und Co.\u201c. Da werden die einzelnen Instrumente vorgestellt, damit die Kinder Zugang zur Musik bekommen.<\/p>\n\n\n\n<p><em><strong>Dann sind Sie also zusammen mit Ihrer Tochter zur aktiven S\u00e4ngerin geworden?<\/strong><\/em><br>Ja, bis mein Mann irgendwann einmal fand: \u201eDieses Kind singt ja genauso falsch wie du!\u201c Ich habe ihm vorgeschlagen, ihr selbst die Lieder vorzusingen. Und weil er sie nicht kannte, habe ich sie ihm vorgefl\u00f6tet, damit er sie nachsingen konnte. So lernte unsere Tochter richtig singen. Heute ist sie Logop\u00e4din und hat eine Zusatzausbildung als Stimmbildnerin. Sie hat die Stimme also zu ihrem Beruf gemacht.<\/p>\n\n\n\n<p><em><strong>Und wann begannen Sie mit Ihrer Enkelin zu singen?<\/strong><\/em><br>Mit ihr fing ich viel fr\u00fcher an. Das begann mit den Kinderliedern, die ich kannte. Au\u00dferdem habe ich mit ihr einen Pekip-Kurs gemacht, und da lernt man ja neue Lieder, nette einfache, aber ansprechende Melodien. Die haben wir immer mit ihr gesungen, und dann weitete sich das immer mehr aus. Inzwischen holt sie dieses Wiegenlieder-Buch, schl\u00e4gt eine Seite auf und sagt \u201eDas will ich jetzt h\u00f6ren!\u201c. &nbsp;Au\u00dferdem gibt es immer noch diese Liederfibel, und aus dem Kindergarten bringt&nbsp;<em>sie<\/em>&nbsp;jetzt Lieder mit.<\/p>\n\n\n\n<p><em><strong>Welche Erfahrung haben Sie als Gro\u00dfmutter mit Ihrer Enkelin beim Singen gemacht?<\/strong><\/em><br>Sie beruhigt sich einfach und h\u00f6rt zu, es wird dann ganz innig. Singen, glaube ich, verbindet enger als Sprache. Geschichten vorlesen ist ja auch sch\u00f6n, aber Singen bewirkt mehr W\u00e4rme.<\/p>\n\n\n\n<p>Liedbeitr\u00e4ge mit freundlicher Genehmigung von\u00a0<a href=\"http:\/\/www.liederprojekt.org\/\" target=\"_blank\" rel=\"noreferrer noopener\">LIEDERPROJEKT.ORG<\/a>, einem Benefizprojekt von Carus-Verlag und SWR2. Dieser Artikel geh\u00f6rt zu Elterninfo\u00a0<a href=\"https:\/\/ganzohr.hfmt-hamburg.de\/index.php\/elterninfos\/12-monate\/\">12 MONATE<\/a><\/p>\n","protected":false},"excerpt":{"rendered":"<p>Dieser Artikel geh\u00f6rt zu Elterninfo&nbsp;12 MONATE Als Kind wollte Birgit M\u00fcnchinger immer singen, aber leicht hatte sie es damit nicht: \u201eDu kannst nicht singen\u201c, lautete das allgemeine Urteil, auf weitere stimmliche F\u00f6rderung wurde verzichtet. Erst mit den eigenen Kindern wagte die junge Lehrerin wieder gemeinsam zu singen.Im Gespr\u00e4ch erz\u00e4hlt Birgit M\u00fcnchinger, mittlerweile Gro\u00dfmutter, wie sie [&hellip;]<\/p>\n","protected":false},"author":2,"featured_media":253,"comment_status":"closed","ping_status":"closed","sticky":false,"template":"","format":"standard","meta":{"footnotes":""},"categories":[20,5],"tags":[34,53,4,69],"class_list":{"0":"post-95","1":"post","2":"type-post","3":"status-publish","4":"format-standard","5":"has-post-thumbnail","7":"category-12-monate","8":"category-kind-und-umwelt","9":"tag-12-monate","10":"tag-familie","11":"tag-kind-und-umwelt","12":"tag-schule","13":"czr-hentry"},"_links":{"self":[{"href":"https:\/\/ganzohr.hfmt-hamburg.de\/index.php\/wp-json\/wp\/v2\/posts\/95","targetHints":{"allow":["GET"]}}],"collection":[{"href":"https:\/\/ganzohr.hfmt-hamburg.de\/index.php\/wp-json\/wp\/v2\/posts"}],"about":[{"href":"https:\/\/ganzohr.hfmt-hamburg.de\/index.php\/wp-json\/wp\/v2\/types\/post"}],"author":[{"embeddable":true,"href":"https:\/\/ganzohr.hfmt-hamburg.de\/index.php\/wp-json\/wp\/v2\/users\/2"}],"replies":[{"embeddable":true,"href":"https:\/\/ganzohr.hfmt-hamburg.de\/index.php\/wp-json\/wp\/v2\/comments?post=95"}],"version-history":[{"count":6,"href":"https:\/\/ganzohr.hfmt-hamburg.de\/index.php\/wp-json\/wp\/v2\/posts\/95\/revisions"}],"predecessor-version":[{"id":1462,"href":"https:\/\/ganzohr.hfmt-hamburg.de\/index.php\/wp-json\/wp\/v2\/posts\/95\/revisions\/1462"}],"wp:featuredmedia":[{"embeddable":true,"href":"https:\/\/ganzohr.hfmt-hamburg.de\/index.php\/wp-json\/wp\/v2\/media\/253"}],"wp:attachment":[{"href":"https:\/\/ganzohr.hfmt-hamburg.de\/index.php\/wp-json\/wp\/v2\/media?parent=95"}],"wp:term":[{"taxonomy":"category","embeddable":true,"href":"https:\/\/ganzohr.hfmt-hamburg.de\/index.php\/wp-json\/wp\/v2\/categories?post=95"},{"taxonomy":"post_tag","embeddable":true,"href":"https:\/\/ganzohr.hfmt-hamburg.de\/index.php\/wp-json\/wp\/v2\/tags?post=95"}],"curies":[{"name":"wp","href":"https:\/\/api.w.org\/{rel}","templated":true}]}}