{"id":91,"date":"2021-11-03T20:21:25","date_gmt":"2021-11-03T19:21:25","guid":{"rendered":"https:\/\/ganzohr.hfmt-hamburg.de\/?p=91"},"modified":"2025-04-22T01:00:21","modified_gmt":"2025-04-21T23:00:21","slug":"der-erste-geburtstag-ein-meilenstein","status":"publish","type":"post","link":"https:\/\/ganzohr.hfmt-hamburg.de\/index.php\/2021\/11\/der-erste-geburtstag-ein-meilenstein\/","title":{"rendered":"Der erste Geburtstag \u2013 ein Meilenstein"},"content":{"rendered":"\n<p>Dieser Artikel geh\u00f6rt zu Elterninfo&nbsp;12 MONATE<\/p>\n\n\n\n<p>Der erste Geburtstag ist etwas Besonderes im Leben eines Kindes, schon allein im Sprachgebrauch: Mit seinem ersten Lebensjahr wird aus dem S\u00e4ugling oder Baby \u2013 zumindest offiziell \u2013 ein Kleinkind. Denn seit seiner Geburt hat das Kind eine enorme Entwicklung durchgemacht.<\/p>\n\n\n\n<p>Im Alter von einem Jahr haben K\u00f6rper und Gehirn des Kindes eine kaum vorstellbare Entwicklung hinter sich. Das Gewicht hat sich im Schnitt beinahe verdreifacht, der K\u00f6rper ist um etwa die H\u00e4lfte gewachsen, die ersten Milchz\u00e4hne sind da oder kommen sp\u00e4testens jetzt.<\/p>\n\n\n\n<p>Und st\u00e4ndig sind in den vergangenen zw\u00f6lf Monaten im Gehirn neue Verkn\u00fcpfungen entstanden. Das Kind greift gezielt und geschickt nach Gegenst\u00e4nden, es hat gelernt zu sitzen, zu robben oder zu krabbeln. Vielleicht zieht es sich schon \u00fcberall hoch oder probiert zum Stolz der Eltern die ersten Schritte \u2013 und bei allem orientiert es sich an seiner Umgebung: Einj\u00e4hrige Kinder brauchen f\u00fcr ihre Entwicklung notwendig den Kontakt und den Austausch mit Eltern, Geschwistern und anderen Menschen.<\/p>\n\n\n\n<p>Bisher haben die Kleinen vor allem ihre eigenen Bed\u00fcrfnisse und Befindlichkeiten wahrgenommen. Nun lernen sie allm\u00e4hlich, auch die Gef\u00fchle und Reaktionen anderer Menschen einzusch\u00e4tzen \u2013 eine wichtige Voraussetzung f\u00fcr das k\u00fcnftige Familienleben!<\/p>\n\n\n\n<p>Lied &#8222;Hopp, hopp, hopp&#8220;&nbsp;<a href=\"http:\/\/www.liederprojekt.org\/#0-29891#Hopp,%20hopp,%20hopp\" target=\"_blank\" rel=\"noreferrer noopener\">ANH\u00d6REN<\/a><\/p>\n\n\n\n<h3 class=\"wp-block-heading\">Vor dem Sprechen kommt das Denken<\/h3>\n\n\n\n<p>Viele Eltern warten gespannt auf den Tag, an dem das Kind sein erstes Wort spricht. Schon fr\u00fcher hat es die Bedeutung von einzelnen W\u00f6rtern gelernt \u2013 es wei\u00df genau, wer \u201eMama\u201c und \u201ePapa\u201c sind und dass es gern mit der \u201eEnte\u201c oder dem &#8222;Ball&#8220; spielt.<\/p>\n\n\n\n<p>L\u00e4ngst schon hat das Kind auch den Rhythmus der Sprache und ihre Betonungen verinnerlicht:<\/p>\n\n\n\n<p><em>\u201eZu Beginn des zweiten Lebensjahres entwickeln Kinder einen so genannten Sprechjargon. Es handelt sich um ein Kauderwelsch,&nbsp; das zumeist keine eigentlichen W\u00f6rter enth\u00e4lt. Das Charakteristische daran ist, dass die Kinder den Fluss, den Rhythmus und Tonfall der Umgebungssprache nachahmen. Je nach Stimmung und Situation, die sich das Kind vorstellt, klingt sein Geplauder wie die Sprechweise der Mutter, des Vaters oder eines Geschwisters\u201c<\/em>, schreibt dazu der Schweizer Kinderarzt und Autor Remo Largo.<\/p>\n\n\n\n<p>Immer wieder lassen sich die Kinder die Namen von Menschen oder von Gegenst\u00e4nden sagen. Sobald sie ihre ersten W\u00f6rter sprechen, bem\u00fchen sie sich von selbst um eine gute Aussprache und richtige S\u00e4tze \u2013 und richtig ist f\u00fcr sie das Vorbild der Eltern. So wird aus der &#8222;Pulme&#8220; mit der Zeit die &#8222;Blume&#8220;, aus der &#8222;Waus&#8220; die &#8222;Maus&#8220;.<\/p>\n\n\n\n<p>Aber wann ein Kind \u00fcberhaupt anf\u00e4ngt zu sprechen, ist \u2013 \u00e4hnlich wie beim Laufen&nbsp; \u2013 schwer vorherzusagen. Die meisten beginnen zwischen zw\u00f6lf und achtzehn Monaten. Manche versuchen schon vor dem ersten Geburtstag zu sprechen, manche fangen erst zwischen dem zweiten und dem dritten Lebensjahr damit an. Remo Largo r\u00e4t zu Gelassenheit:&nbsp;<em>&#8222;Es ist nicht sinnvoll, Kinder, die in ihrer Sprachentwicklung langsam sind, zum Reden zu dr\u00e4ngen. Eltern k\u00f6nnen die Sprachentwicklung ihres Kindes am besten f\u00f6rdern, wenn sie dem Kind m\u00f6glichst viel Gelegenheit geben, Sprache bei Alltagsbesch\u00e4ftigungen und im Spiel mitzuerleben und anzuwenden.&#8220;<\/em>&nbsp;Es gibt Kinder, die bis zu ihren ersten W\u00f6rtern mit Gesicht und H\u00e4nden ausdr\u00fccken, was sie meinen. Andere singen, bevor sie sprechen.<\/p>\n\n\n\n<p>Lied &#8222;Und wer im Januar geboren ist&#8220;&nbsp;<a href=\"http:\/\/www.liederprojekt.org\/#0-30288#Und%20wer%20im%20Januar%20geboren%20ist\" target=\"_blank\" rel=\"noreferrer noopener\">ANH\u00d6REN<\/a><\/p>\n\n\n\n<h3 class=\"wp-block-heading\">Freude an der Stimme<\/h3>\n\n\n\n<p>Denn Singen und Sprechen liegen eng beieinander. Das kann man ganz w\u00f6rtlich nehmen: Sprache und Musik werden teilweise in den gleichen Regionen unseres Gehirns verarbeitet. Kleine Kinder nehmen Sprache noch sehr musikalisch wahr. Sie h\u00f6ren noch viel st\u00e4rker zum Beispiel auf die Sprachmelodie, das Auf und Ab der Stimme.<\/p>\n\n\n\n<p>Hilfreich f\u00fcr das Sprachverst\u00e4ndnis des Kindes sind einfache Verse und Lieder. Sie heben den Rhythmus einer Sprache besonders deutlich hervor. Und je j\u00fcnger die Kinder sind, desto mehr gilt, dass vor allem gelernt wird, was Abwechslung und Freude bringt. Das beginnt schon bei der K\u00f6rpersprache: Wenn Eltern mit ihrem Kind singen oder sprechen, wenden sie sich ihm zu.<\/p>\n\n\n\n<p>Angenehmer K\u00f6rperkontakt, etwa auf dem Scho\u00df, schafft zus\u00e4tzliche Sicherheit, denn Kleinkinder sind von Natur aus Traglinge. Besonders einfach und hilfreich f\u00fcr Eltern und Kinder ist, Lieder oder Verse in den Alltag einzubauen. Bew\u00e4hrtes Beispiel sind Wiegenlieder abends beim Einschlafen. F\u00fcr ein einj\u00e4hriges Kind wird Musik au\u00dferdem dann interessant, wenn es etwas zum Ansehen und Anfassen hat: Mund oder Finger der Eltern, ein Instrument oder ein Gegenstand, mit dem das Kind dann Kl\u00e4nge oder Ger\u00e4usche erzeugt \u2013 so lernt es seine Bewegungen zu koordinieren.<\/p>\n\n\n\n<p>Lied &#8222;M\u00fcde bin ich, geh zur Ruh&#8220;&nbsp;<a href=\"http:\/\/www.liederprojekt.org\/#0-27787#M%C3%BCde%20bin%20ich,%20geh%20zur%20Ruh\" target=\"_blank\" rel=\"noreferrer noopener\">ANH\u00d6REN<\/a><\/p>\n\n\n\n<p>Kinder im Alter von zw\u00f6lf Monaten k\u00f6nnen auch schon selbst anfangen zu singen. Ihre ersten T\u00f6ne kommen, wenn sie lange zugeh\u00f6rt haben, aus einem entspannten Wohlgef\u00fchl heraus:&nbsp;<em>\u201e Das Baby h\u00f6rt die T\u00f6ne, nimmt sie mit allen Empfindungen auf, verarbeitet sie und ordnet sie in bereits Bekanntes ein, speichert diese Eindr\u00fccke und gibt zu seiner Zeit T\u00f6ne wieder\u201c<\/em>&nbsp;\u2013 so beschreibt es die Musikp\u00e4dagogin Maria Seeliger. Wenn es Eltern gelingt, die Tonh\u00f6he ihres Kindes aufzunehmen, kann daraus sogar ein musikalisches Gespr\u00e4ch entstehen: Dann ahmen Eltern und Kind einander nach und probieren T\u00f6ne und Kl\u00e4nge aus \u2013 vielleicht noch vor dem ersten Wort.<\/p>\n\n\n\n<p>Lied &#8222;Alles Gute zum Geburtstag&#8220;&nbsp;<a href=\"http:\/\/www.liederprojekt.org\/#3-30285#Alles_Gute_zum_Geburtstag\" target=\"_blank\" rel=\"noreferrer noopener\">ANH\u00d6REN<\/a><\/p>\n\n\n\n<p><strong>Weiterf\u00fchrende Literatur:<\/strong><\/p>\n\n\n\n<p>Remo H. Largo, Babyjahre. Entwicklung und Erziehung in den ersten vier Jahren, Piper, 7. Auflage 2011<\/p>\n\n\n\n<p>Maria Seeliger, Das Musikschiff. Kinder und Eltern erleben Musik. Von der pr\u00e4natalen Zeit bis ins vierte Lebensjahr, ConBrio 2003<\/p>\n\n\n\n<p>Liedbeitr\u00e4ge mit freundlicher Genehmigung von\u00a0<a href=\"http:\/\/www.liederprojekt.org\/\" target=\"_blank\" rel=\"noreferrer noopener\">LIEDERPROJEKT.ORG<\/a>, einem Benefizprojekt von Carus-Verlag und SWR2. Dieser Artikel geh\u00f6rt zu Elterninfo\u00a0<a href=\"https:\/\/ganzohr.hfmt-hamburg.de\/index.php\/elterninfos\/12-monate\/\">12 MONATE<\/a><\/p>\n","protected":false},"excerpt":{"rendered":"<p>Dieser Artikel geh\u00f6rt zu Elterninfo&nbsp;12 MONATE Der erste Geburtstag ist etwas Besonderes im Leben eines Kindes, schon allein im Sprachgebrauch: Mit seinem ersten Lebensjahr wird aus dem S\u00e4ugling oder Baby \u2013 zumindest offiziell \u2013 ein Kleinkind. Denn seit seiner Geburt hat das Kind eine enorme Entwicklung durchgemacht. Im Alter von einem Jahr haben K\u00f6rper und [&hellip;]<\/p>\n","protected":false},"author":2,"featured_media":255,"comment_status":"closed","ping_status":"closed","sticky":false,"template":"","format":"standard","meta":{"footnotes":""},"categories":[20,45],"tags":[34,46,58],"class_list":{"0":"post-91","1":"post","2":"type-post","3":"status-publish","4":"format-standard","5":"has-post-thumbnail","7":"category-12-monate","8":"category-hauptthema","9":"tag-12-monate","10":"tag-hauptthema","11":"tag-instrumente","12":"czr-hentry"},"_links":{"self":[{"href":"https:\/\/ganzohr.hfmt-hamburg.de\/index.php\/wp-json\/wp\/v2\/posts\/91","targetHints":{"allow":["GET"]}}],"collection":[{"href":"https:\/\/ganzohr.hfmt-hamburg.de\/index.php\/wp-json\/wp\/v2\/posts"}],"about":[{"href":"https:\/\/ganzohr.hfmt-hamburg.de\/index.php\/wp-json\/wp\/v2\/types\/post"}],"author":[{"embeddable":true,"href":"https:\/\/ganzohr.hfmt-hamburg.de\/index.php\/wp-json\/wp\/v2\/users\/2"}],"replies":[{"embeddable":true,"href":"https:\/\/ganzohr.hfmt-hamburg.de\/index.php\/wp-json\/wp\/v2\/comments?post=91"}],"version-history":[{"count":6,"href":"https:\/\/ganzohr.hfmt-hamburg.de\/index.php\/wp-json\/wp\/v2\/posts\/91\/revisions"}],"predecessor-version":[{"id":1464,"href":"https:\/\/ganzohr.hfmt-hamburg.de\/index.php\/wp-json\/wp\/v2\/posts\/91\/revisions\/1464"}],"wp:featuredmedia":[{"embeddable":true,"href":"https:\/\/ganzohr.hfmt-hamburg.de\/index.php\/wp-json\/wp\/v2\/media\/255"}],"wp:attachment":[{"href":"https:\/\/ganzohr.hfmt-hamburg.de\/index.php\/wp-json\/wp\/v2\/media?parent=91"}],"wp:term":[{"taxonomy":"category","embeddable":true,"href":"https:\/\/ganzohr.hfmt-hamburg.de\/index.php\/wp-json\/wp\/v2\/categories?post=91"},{"taxonomy":"post_tag","embeddable":true,"href":"https:\/\/ganzohr.hfmt-hamburg.de\/index.php\/wp-json\/wp\/v2\/tags?post=91"}],"curies":[{"name":"wp","href":"https:\/\/api.w.org\/{rel}","templated":true}]}}