{"id":149,"date":"2021-11-03T21:23:58","date_gmt":"2021-11-03T20:23:58","guid":{"rendered":"https:\/\/ganzohr.hfmt-hamburg.de\/?p=149"},"modified":"2025-04-22T00:57:10","modified_gmt":"2025-04-21T22:57:10","slug":"wahrnehmung-und-intelligenz","status":"publish","type":"post","link":"https:\/\/ganzohr.hfmt-hamburg.de\/index.php\/2021\/11\/wahrnehmung-und-intelligenz\/","title":{"rendered":"Wahrnehmung und Intelligenz"},"content":{"rendered":"\n<p>Dieser Artikel geh\u00f6rt zu Elterninfo&nbsp;2 MONATE<\/p>\n\n\n\n<p>Wer sprichw\u00f6rtlich seine f\u00fcnf Sinne beieinander hat, ist bei Verstand und sch\u00e4tzt die Verh\u00e4ltnisse realistisch ein. Wer sie dagegen \u201enicht mehr alle\u201c hat, dem fehlt die Bodenhaftung. Hinter diesen Redewendungen steckt die Erkenntnis, dass wir uns erst durch unsere Sinneswahrnehmungen ein Urteil \u00fcber die Umwelt bilden \u2013 das gilt besonders f\u00fcr S\u00e4uglinge.<\/p>\n\n\n\n<p>Aber wir verf\u00fcgen \u00fcber viel mehr als nur die bekannten f\u00fcnf Sinne Sehen, H\u00f6ren, Riechen, Schmecken und F\u00fchlen, erkl\u00e4rt der Erziehungswissenschaftler Christian Rittelmeyer: \u201eWir haben einen Gleichgewichtssinn. Wir unterscheiden warm und kalt mit dem Temperatursinn. Und wir haben auch Sinne, die uns \u00fcber die Funktion unseres K\u00f6rpers informieren, zum Beispiel ob wir angespannt oder entspannt sind \u2013 beim Musikh\u00f6ren ist das sehr wichtig.\u201c<\/p>\n\n\n\n<p>Lied &#8222;Meine Biber haben Fieber&#8220;&nbsp;<a href=\"http:\/\/www.liederprojekt.org\/lied30304-Meine-Biber-haben-Fieber.html\" target=\"_blank\" rel=\"noreferrer noopener\">ANH\u00d6REN<\/a><\/p>\n\n\n\n<p>Je kleiner das Kind, desto st\u00e4rker sind alle diese sinnlichen Wahrnehmungen noch miteinander verkn\u00fcpft. Tragen Sie beispielsweise Ihr Kind auf dem Arm und singen ihm etwas vor, sieht und h\u00f6rt es Sie nicht nur, es merkt gleichzeitig auch, ob es bequem oder nicht bequem an Ihrem K\u00f6rper liegt. Solche Eindr\u00fccke beeinflussen unsere bewusste und unbewusste Wahrnehmung der Umwelt und damit auch unsere Reaktion.<br>&nbsp;<\/p>\n\n\n\n<h3 class=\"wp-block-heading\">Sinneswahrnehmungen unterst\u00fctzen das Denken<\/h3>\n\n\n\n<p>Christian Rittelmeyer geht noch weiter: F\u00fcr ihn ist eine Einsch\u00e4tzung von Personen und Dingen \u00fcberhaupt erst durch das Zusammenwirken der Sinne m\u00f6glich. Die Erkenntnisse der Hirnforschung h\u00e4tten vor\u00fcbergehend vergessen lassen, dass das Hirn st\u00e4ndig in Verbindung mit dem gesamten K\u00f6rper arbeite.<br>\u201eWenn wir rein als Gehirnvorgang eine Farbe ansehen oder eine Musik h\u00f6ren k\u00f6nnten, w\u00fcrden wir sie v\u00f6llig gleichg\u00fcltig aufnehmen. Aussagen wie \u201aDieses Graublau ist eiskalt\u2019 oder \u201aDiese Stimme klingt warm\u2019 w\u00e4ren gar nicht m\u00f6glich. Erst dadurch, dass unser Leib seine Eindr\u00fccke an das Hirn weiterleitet, sind wir in der Lage zu urteilen.\u201c<\/p>\n\n\n\n<p>Ihr Kind auf Ihrem Arm zum Beispiel sp\u00fcrt unbewusst auch, wie Sie zu ihm stehen. Und obwohl es eben erst lernt, seine Kopf- und K\u00f6rperhaltung zu kontrollieren, kann es Ihre Armhaltung schon durch Versteifen und Lockerlassen seines K\u00f6rpers oder durch seinen Gesichtsausdruck steuern.<\/p>\n\n\n\n<p>Lied &#8222;H\u00e4schen in der Grube&#8220;&nbsp;<a href=\"http:\/\/www.liederprojekt.org\/lied30247-Haeschen-in-der-Grube.html\" target=\"_blank\" rel=\"noreferrer noopener\">ANH\u00d6REN<\/a><br>&nbsp;<\/p>\n\n\n\n<h3 class=\"wp-block-heading\">Unser Bild von der Welt<\/h3>\n\n\n\n<p>S\u00e4uglinge m\u00fcssen erst einmal lernen, mit ihren ganzen K\u00f6rperempfindungen umzugehen. Erst durch st\u00e4ndig wiederholtes Greifen, Schmecken, F\u00fchlen, eigene Bewegung und Laut\u00e4u\u00dferungen bilden sie wichtige Sinnesfunktionen aus.<\/p>\n\n\n\n<p>Nur so erfahren sie zum Beispiel, dass die Spieluhr aus Stoff nicht nur weich ist, sondern auch interessant klingt. Das warme Badewasser l\u00e4sst sich zwar nicht festhalten, aber es f\u00fchlt sich angenehm an und pl\u00e4tschert, wenn das Kind strampelt. Die Mutter riecht anders als der Vater, ihre Stimme klingt heller. Es gibt unendlich viele Eindr\u00fccke, die ein Kind einordnen muss. So entsteht sein Bild von der Welt.<\/p>\n\n\n\n<p>Lied &#8222;Heut kommt der Hans zu mir&#8220;&nbsp;<a href=\"http:\/\/www.liederprojekt.org\/lied29218-Heut-kommt-der-Hans-zu-mir.html\" target=\"_blank\" rel=\"noreferrer noopener\">ANH\u00d6REN<\/a><\/p>\n\n\n\n<p>Deswegen ist es so wichtig, dass Ihr Kind zahlreiche unterschiedliche Anregungen bekommt. Sprechen, singen, tanzen Sie mit ihm, tragen Sie es herum, geben Sie ihm verschiedene Arten Spielzeug, die sich unterschiedlich anf\u00fchlen.<br>Doch wie viel davon braucht es? Rittelmeyer r\u00e4t, sich dabei auf die Kinder zu verlassen: \u201e Wir m\u00fcssen nur beobachten, was sie machen. Kinder h\u00f6ren auch irgendwann auf, sich mit Dingen zu besch\u00e4ftigen, sie ruhen sich aus und schlafen lange Zeit. Sie haben das richtige Gef\u00fchl, was f\u00fcr sie gut ist und was nicht.\u201c<\/p>\n\n\n\n<p>Lied &#8222;Ej pad\u00e1, pad\u00e1 rosi\u010dka&#8220; (Slowakei)&nbsp;<a href=\"http:\/\/www.liederprojekt.org\/lied33226-Ej-pada-pada-rosicka.html\" target=\"_blank\" rel=\"noreferrer noopener\">ANH\u00d6REN<\/a><\/p>\n\n\n\n<p><em>Christian Rittelmeyer lehrte als Professor f\u00fcr Erziehungswissenschaft an der Universit\u00e4t G\u00f6ttingen. Zu seinen Forschungsschwerpunkten geh\u00f6ren Bildungsgeschichte und die Entwicklungspsychologie des Kindesalters.<\/em><\/p>\n\n\n\n<p>Liedbeitr\u00e4ge mit freundlicher Genehmigung von\u00a0<a href=\"http:\/\/liederprojekt.org\/\" target=\"_blank\" rel=\"noreferrer noopener\">LIEDERPROJEKT.ORG<\/a>, einem Benefizprojekt von Carus-Verlag und SWR2. Dieser Artikel geh\u00f6rt zu Elterninfo\u00a0<a href=\"https:\/\/ganzohr.hfmt-hamburg.de\/index.php\/elterninfos\/2-monate\/\">2 MONATE<\/a><\/p>\n","protected":false},"excerpt":{"rendered":"<p>Dieser Artikel geh\u00f6rt zu Elterninfo&nbsp;2 MONATE Wer sprichw\u00f6rtlich seine f\u00fcnf Sinne beieinander hat, ist bei Verstand und sch\u00e4tzt die Verh\u00e4ltnisse realistisch ein. Wer sie dagegen \u201enicht mehr alle\u201c hat, dem fehlt die Bodenhaftung. Hinter diesen Redewendungen steckt die Erkenntnis, dass wir uns erst durch unsere Sinneswahrnehmungen ein Urteil \u00fcber die Umwelt bilden \u2013 das gilt [&hellip;]<\/p>\n","protected":false},"author":2,"featured_media":224,"comment_status":"closed","ping_status":"closed","sticky":false,"template":"","format":"standard","meta":{"footnotes":""},"categories":[18,6],"tags":[32,7],"class_list":{"0":"post-149","1":"post","2":"type-post","3":"status-publish","4":"format-standard","5":"has-post-thumbnail","7":"category-2-monate","8":"category-tipps","9":"tag-2-monate","10":"tag-tipps","11":"czr-hentry"},"_links":{"self":[{"href":"https:\/\/ganzohr.hfmt-hamburg.de\/index.php\/wp-json\/wp\/v2\/posts\/149","targetHints":{"allow":["GET"]}}],"collection":[{"href":"https:\/\/ganzohr.hfmt-hamburg.de\/index.php\/wp-json\/wp\/v2\/posts"}],"about":[{"href":"https:\/\/ganzohr.hfmt-hamburg.de\/index.php\/wp-json\/wp\/v2\/types\/post"}],"author":[{"embeddable":true,"href":"https:\/\/ganzohr.hfmt-hamburg.de\/index.php\/wp-json\/wp\/v2\/users\/2"}],"replies":[{"embeddable":true,"href":"https:\/\/ganzohr.hfmt-hamburg.de\/index.php\/wp-json\/wp\/v2\/comments?post=149"}],"version-history":[{"count":6,"href":"https:\/\/ganzohr.hfmt-hamburg.de\/index.php\/wp-json\/wp\/v2\/posts\/149\/revisions"}],"predecessor-version":[{"id":1449,"href":"https:\/\/ganzohr.hfmt-hamburg.de\/index.php\/wp-json\/wp\/v2\/posts\/149\/revisions\/1449"}],"wp:featuredmedia":[{"embeddable":true,"href":"https:\/\/ganzohr.hfmt-hamburg.de\/index.php\/wp-json\/wp\/v2\/media\/224"}],"wp:attachment":[{"href":"https:\/\/ganzohr.hfmt-hamburg.de\/index.php\/wp-json\/wp\/v2\/media?parent=149"}],"wp:term":[{"taxonomy":"category","embeddable":true,"href":"https:\/\/ganzohr.hfmt-hamburg.de\/index.php\/wp-json\/wp\/v2\/categories?post=149"},{"taxonomy":"post_tag","embeddable":true,"href":"https:\/\/ganzohr.hfmt-hamburg.de\/index.php\/wp-json\/wp\/v2\/tags?post=149"}],"curies":[{"name":"wp","href":"https:\/\/api.w.org\/{rel}","templated":true}]}}