{"id":125,"date":"2021-11-03T21:01:31","date_gmt":"2021-11-03T20:01:31","guid":{"rendered":"https:\/\/ganzohr.hfmt-hamburg.de\/?p=125"},"modified":"2025-04-22T01:02:48","modified_gmt":"2025-04-21T23:02:48","slug":"will-selbst-machen-musik-in-der-gruppe","status":"publish","type":"post","link":"https:\/\/ganzohr.hfmt-hamburg.de\/index.php\/2021\/11\/will-selbst-machen-musik-in-der-gruppe\/","title":{"rendered":"Will selbst machen! Musik in der Gruppe"},"content":{"rendered":"\n<p>Dieser Artikel geh\u00f6rt zu Elterninfo&nbsp;3 JAHRE<\/p>\n\n\n\n<p>Wenn es nach drau\u00dfen geht, bleiben j\u00fcngere Kinder lieber noch in der N\u00e4he der Eltern. Aber zwischen dem zweiten und dritten Geburtstag werden sie allm\u00e4hlich selbst\u00e4ndiger und erkunden ihre Umwelt gern allein. Die Musikschulen reagieren darauf: Bieten sie f\u00fcr Ein- und Zweij\u00e4hrige noch Eltern-Kind-Gruppen an, kommen die Dreij\u00e4hrigen schon allein in die Musikgruppe.<\/p>\n\n\n\n<p>Die Musikschule der Landeshauptstadt Hannover zum Beispiel nennt ihr Angebot f\u00fcr die Kleinen \u201eMiniMusik\u201c. Viele der Dreij\u00e4hrigen bringen schon \u2013 je nachdem, was sie vorher bereits kennengelernt haben \u2013 einiges an musikalischen F\u00e4higkeiten mit, erz\u00e4hlt P\u00e4dagogin Ulrike Gramann: Sie k\u00f6nnen zum Beispiel einfache Lieder singen und sich dazu mit Klangh\u00f6lzern begleiten, oder sie bewegen sich zur Musik.<\/p>\n\n\n\n<p>\u00dcberhaupt nehmen dreij\u00e4hrige Kinder Musik schon sehr bewusst wahr. Sie unterscheiden hohe von tiefen T\u00f6nen oder ein schnelles von einem langsamen St\u00fcck, berichtet Sabine Kleinau-Michaelis, die die Fachgruppe Elementare Musikerziehung an der Musikschule leitet. Au\u00dferdem erfinden die Kleinen spontan Singgeschichten \u00fcber Dinge, die sie kennen \u2013 einen Apfel oder eine Raupe, aus der ein Schmetterling wird. Mit anderen Worten: die Kinder beginnen zu gestalten, sie setzen Gedanken und Empfindungen, die Musik in ihnen ausl\u00f6st, aktiv um.<\/p>\n\n\n\n<p>Lied &#8220; Der Kuckuck und der Esel&#8220;&nbsp;<a href=\"http:\/\/www.liederprojekt.org\/#1-30313#Der_Kuckuck_und_der_Esel\" target=\"_blank\" rel=\"noreferrer noopener\">ANH\u00d6REN<\/a><\/p>\n\n\n\n<p>Nat\u00fcrlich k\u00f6nnen manche Kinder schon mehr Lieder und finden leichter den Zugang zur Musik als die anderen. H\u00e4ufig sind es gerade die, bei denen zuhause besonders viel gesungen und Musik gemacht wird. Auch in Verhalten und Vorlieben unterscheiden sich die Kleinen: Das eine singt und musiziert sofort gemeinsam mit den anderen, das andere h\u00e4lt sich in der Gruppe v\u00f6llig zur\u00fcck \u2013 und singt dann zuhause alle Lieder. Manche Kinder lieben es, wenn ihnen Musik vorgespielt wird, andere spielen besonders gut Rhythmen nach oder erfinden sie selbst, erz\u00e4hlt Ulrike Gramann. Aber eins hat sie noch nie beobachtet: dass ein Kind \u00fcberhaupt nichts mit Musik anfangen kann oder will.<\/p>\n\n\n\n<p>Lied &#8222;Dornr\u00f6schen war ein sch\u00f6nes Kind&#8220;&nbsp;<a href=\"http:\/\/www.liederprojekt.org\/#3-30125#Dornr%C3%B6schen_war_ein_sch%C3%B6nes_Kind\" target=\"_blank\" rel=\"noreferrer noopener\">ANH\u00d6REN<\/a><\/p>\n\n\n\n<h3 class=\"wp-block-heading\">Das Ziel: Musik f\u00fcr alle<\/h3>\n\n\n\n<p>Nur kommen eben l\u00e4ngst nicht alle Kinder in die Musikschule oder eine ihrer Gruppen, die sie au\u00dfer Haus anbietet. Deshalb geht die Musikschule Hannover mit ihrem musikalischen Angebot in Kinderg\u00e4rten und Kitas \u2013 und st\u00f6\u00dft dort auf offene Ohren: \u201eErzieherinnen, Kitas und Eltern nehmen das dankbar an\u201c, fasst Sabine Kleinau-Michaelis die Reaktionen zusammen. In diesen Kitas wird h\u00e4ufiger und bewusster gesungen als davor \u2013 keine Selbstverst\u00e4ndlichkeit, denn die Ausbildung der Erzieherinnen (Erzieher sind selten) l\u00e4sst in Sachen Musik und Rhythmik oft zu w\u00fcnschen \u00fcbrig. \u201eMan kann es schaffen, durch eine Erzieherausbildung zu gehen, ohne in f\u00fcnf Jahren einen einzigen Ton gesungen zu haben. Das ist ein gro\u00dfes Problem f\u00fcr die Kitas und nachher f\u00fcr die Grundschulen.\u201c<\/p>\n\n\n\n<p>Lied &#8222;Auf unsrere Wiese gehet was&#8220;&nbsp;<a href=\"http:\/\/www.liederprojekt.org\/#0-30307#Auf_unsrer_Wiese_gehet_was\" target=\"_blank\" rel=\"noreferrer noopener\">ANH\u00d6REN<\/a><\/p>\n\n\n\n<p>Kein Wunder, denn Singen und Musizieren sind wertvoll f\u00fcr die Kinder. Sie regen nicht nur deren Vorstellungs- und Gestaltungskraft an, sie k\u00f6nnen auch aus einer Gruppe ganz selbstverst\u00e4ndlich eine Gemeinschaft formen: Wenn eine Geschichte mit Ger\u00e4uschen und Instrumenten begleitet wird, wissen schon Dreij\u00e4hrige durch Erfahrung, wann sie den anderen zuh\u00f6ren sollen und wann sie selbst an der Reihe sind \u2013 je nachdem, ob sie etwa die Bienen summen, den Wind pfeifen oder den Regen prasseln lassen.<br>Und wenn alle gemeinsam anfangen zu singen, atmen auch alle gemeinsam ein. Nicht zuletzt ist es ihre verbindende Kraft, die Musik schon f\u00fcr Kleinkinder so wichtig macht. Und Eltern k\u00f6nnen sehr zum Musikschatz ihrer Kinder beitragen, wenn sie sich nicht nur auf Musikschule oder Kita verlassen, sondern auch selbst mit ihren Kindern singen.<\/p>\n\n\n\n<p>Liedbeitr\u00e4ge mit freundlicher Genehmigung von\u00a0<a href=\"http:\/\/www.liederprojekt.org\/\" target=\"_blank\" rel=\"noreferrer noopener\">LIEDERPROJEKT.ORG<\/a>, einem Benefizprojekt von Carus-Verlag und SWR2. Dieser Artikel geh\u00f6rt zu Elterninfo\u00a0<a href=\"https:\/\/ganzohr.hfmt-hamburg.de\/index.php\/elterninfos\/3-jahre\/\">3 JAHRE<\/a><\/p>\n","protected":false},"excerpt":{"rendered":"<p>Dieser Artikel geh\u00f6rt zu Elterninfo&nbsp;3 JAHRE Wenn es nach drau\u00dfen geht, bleiben j\u00fcngere Kinder lieber noch in der N\u00e4he der Eltern. Aber zwischen dem zweiten und dritten Geburtstag werden sie allm\u00e4hlich selbst\u00e4ndiger und erkunden ihre Umwelt gern allein. Die Musikschulen reagieren darauf: Bieten sie f\u00fcr Ein- und Zweij\u00e4hrige noch Eltern-Kind-Gruppen an, kommen die Dreij\u00e4hrigen schon [&hellip;]<\/p>\n","protected":false},"author":2,"featured_media":266,"comment_status":"closed","ping_status":"closed","sticky":false,"template":"","format":"standard","meta":{"footnotes":""},"categories":[23,5],"tags":[37,49,4,59,66,73],"class_list":{"0":"post-125","1":"post","2":"type-post","3":"status-publish","4":"format-standard","5":"has-post-thumbnail","7":"category-3-jahre","8":"category-kind-und-umwelt","9":"tag-3-jahre","10":"tag-bewegung","11":"tag-kind-und-umwelt","12":"tag-kindertagesstaette","13":"tag-musikschule","14":"tag-sozialverhalten","15":"czr-hentry"},"_links":{"self":[{"href":"https:\/\/ganzohr.hfmt-hamburg.de\/index.php\/wp-json\/wp\/v2\/posts\/125","targetHints":{"allow":["GET"]}}],"collection":[{"href":"https:\/\/ganzohr.hfmt-hamburg.de\/index.php\/wp-json\/wp\/v2\/posts"}],"about":[{"href":"https:\/\/ganzohr.hfmt-hamburg.de\/index.php\/wp-json\/wp\/v2\/types\/post"}],"author":[{"embeddable":true,"href":"https:\/\/ganzohr.hfmt-hamburg.de\/index.php\/wp-json\/wp\/v2\/users\/2"}],"replies":[{"embeddable":true,"href":"https:\/\/ganzohr.hfmt-hamburg.de\/index.php\/wp-json\/wp\/v2\/comments?post=125"}],"version-history":[{"count":6,"href":"https:\/\/ganzohr.hfmt-hamburg.de\/index.php\/wp-json\/wp\/v2\/posts\/125\/revisions"}],"predecessor-version":[{"id":1475,"href":"https:\/\/ganzohr.hfmt-hamburg.de\/index.php\/wp-json\/wp\/v2\/posts\/125\/revisions\/1475"}],"wp:featuredmedia":[{"embeddable":true,"href":"https:\/\/ganzohr.hfmt-hamburg.de\/index.php\/wp-json\/wp\/v2\/media\/266"}],"wp:attachment":[{"href":"https:\/\/ganzohr.hfmt-hamburg.de\/index.php\/wp-json\/wp\/v2\/media?parent=125"}],"wp:term":[{"taxonomy":"category","embeddable":true,"href":"https:\/\/ganzohr.hfmt-hamburg.de\/index.php\/wp-json\/wp\/v2\/categories?post=125"},{"taxonomy":"post_tag","embeddable":true,"href":"https:\/\/ganzohr.hfmt-hamburg.de\/index.php\/wp-json\/wp\/v2\/tags?post=125"}],"curies":[{"name":"wp","href":"https:\/\/api.w.org\/{rel}","templated":true}]}}